{"id":9860,"date":"2026-04-24T08:47:11","date_gmt":"2026-04-24T06:47:11","guid":{"rendered":"https:\/\/wordpress.ilmer-barg.de\/?p=9860"},"modified":"2026-04-30T08:53:32","modified_gmt":"2026-04-30T06:53:32","slug":"9860","status":"publish","type":"post","link":"https:\/\/wordpress.ilmer-barg.de\/?p=9860","title":{"rendered":"B\u00fcchertauschtag an unserer Grundschule"},"content":{"rendered":"<div class=\"wpb-content-wrapper\"><p>[vc_row][vc_column][vc_column_text css=&#8220;&#8220;]Heute fand an beiden Standorten unserer Grundschule ein ganz besonderer Tag statt: der B\u00fcchertauschtag.<\/p>\n<p>Schon am Morgen lag Aufregung in der Luft. Die Kinder brachten ihre gut erhaltenen, bereits gelesenen B\u00fccher mit, um ihnen ein neues Zuhause zu geben. Der Tauschraum verwandelte sich schnell in eine bunte B\u00fccherlandschaft mit spannenden Geschichten, lustigen Comics und lehrreichen Sachb\u00fcchern.<\/p>\n<p>Mit gro\u00dfer Begeisterung st\u00f6berten die Sch\u00fclerinnen und Sch\u00fcler durch die ausgelegten B\u00fccher. Dabei wurde nicht nur eifrig getauscht, sondern auch empfohlen, diskutiert und gemeinsam gelesen. Viele Kinder freuten sich dar\u00fcber, neue Geschichten zu entdecken, ohne dass daf\u00fcr neue B\u00fccher gekauft werden mussten.<\/p>\n<p>Der B\u00fcchertauschtag ist nicht nur eine tolle Gelegenheit, die Leselust zu f\u00f6rdern, sondern auch ein wichtiger Beitrag zur Nachhaltigkeit. Indem B\u00fccher weitergegeben werden, schonen wir Ressourcen und zeigen, wie wertvoll gemeinsames Teilen sein kann.<\/p>\n<p>Ein herzliches Dankesch\u00f6n geht an alle Kinder und Eltern, die diesen Tag durch ihre B\u00fccherspenden m\u00f6glich gemacht haben.<\/p>\n<p>Wir freuen uns schon auf das n\u00e4chste Mal, wenn es wieder hei\u00dft: Tauschen, lesen und entdecken!<\/p>\n<p style=\"text-align: right;\">(Bilder &amp; Text: Frau Maurer und Frau Kiesewetter)<\/p>\n<p>[\/vc_column_text][\/vc_column][\/vc_row][vc_row][vc_column][vc_gallery interval=&#8220;3&#8243; images=&#8220;9861,9862,9864&#8243; img_size=&#8220;large&#8220; css=&#8220;&#8220;][\/vc_column][\/vc_row]<\/p>\n<\/div>","protected":false},"excerpt":{"rendered":"<p>B\u00fcchertauschtag in der Grundschule<\/p>\n","protected":false},"author":6,"featured_media":9862,"comment_status":"closed","ping_status":"open","sticky":false,"template":"","format":"standard","meta":{"footnotes":""},"categories":[1,71],"tags":[],"class_list":["post-9860","post","type-post","status-publish","format-standard","has-post-thumbnail","hentry","category-allgemein","category-grundschule"],"_links":{"self":[{"href":"https:\/\/wordpress.ilmer-barg.de\/index.php?rest_route=\/wp\/v2\/posts\/9860","targetHints":{"allow":["GET"]}}],"collection":[{"href":"https:\/\/wordpress.ilmer-barg.de\/index.php?rest_route=\/wp\/v2\/posts"}],"about":[{"href":"https:\/\/wordpress.ilmer-barg.de\/index.php?rest_route=\/wp\/v2\/types\/post"}],"author":[{"embeddable":true,"href":"https:\/\/wordpress.ilmer-barg.de\/index.php?rest_route=\/wp\/v2\/users\/6"}],"replies":[{"embeddable":true,"href":"https:\/\/wordpress.ilmer-barg.de\/index.php?rest_route=%2Fwp%2Fv2%2Fcomments&post=9860"}],"version-history":[{"count":2,"href":"https:\/\/wordpress.ilmer-barg.de\/index.php?rest_route=\/wp\/v2\/posts\/9860\/revisions"}],"predecessor-version":[{"id":9866,"href":"https:\/\/wordpress.ilmer-barg.de\/index.php?rest_route=\/wp\/v2\/posts\/9860\/revisions\/9866"}],"wp:featuredmedia":[{"embeddable":true,"href":"https:\/\/wordpress.ilmer-barg.de\/index.php?rest_route=\/wp\/v2\/media\/9862"}],"wp:attachment":[{"href":"https:\/\/wordpress.ilmer-barg.de\/index.php?rest_route=%2Fwp%2Fv2%2Fmedia&parent=9860"}],"wp:term":[{"taxonomy":"category","embeddable":true,"href":"https:\/\/wordpress.ilmer-barg.de\/index.php?rest_route=%2Fwp%2Fv2%2Fcategories&post=9860"},{"taxonomy":"post_tag","embeddable":true,"href":"https:\/\/wordpress.ilmer-barg.de\/index.php?rest_route=%2Fwp%2Fv2%2Ftags&post=9860"}],"curies":[{"name":"wp","href":"https:\/\/api.w.org\/{rel}","templated":true}]}}