{"id":9851,"date":"2026-04-21T08:40:06","date_gmt":"2026-04-21T06:40:06","guid":{"rendered":"https:\/\/wordpress.ilmer-barg.de\/?p=9851"},"modified":"2026-04-30T08:46:31","modified_gmt":"2026-04-30T06:46:31","slug":"sv-unterwegs-landesschuelerrat-in-hannover","status":"publish","type":"post","link":"https:\/\/wordpress.ilmer-barg.de\/?p=9851","title":{"rendered":"SV unterwegs: Landessch\u00fclerrat in Hannover"},"content":{"rendered":"<div class=\"wpb-content-wrapper\"><p>[vc_row][vc_column][vc_column_text css=&#8220;&#8220;]<\/p>\n<div class=\"default-style\">Am 20.04.2026 fand der j\u00e4hrliche Aktionstag des Landessch\u00fclerrates Niedersachsen in Hannover statt. An diesem nahmen Leon Strumberger, Sch\u00fclersprecher unserer Schule, und Franziska Barth als eine seiner Stellvertreterinnen teil.<\/div>\n<div class=\"default-style\">Das diesj\u00e4hrige Schwerpunktthema war mentale Gesundheit von Sch\u00fclern. Nach einleitenden Worten von der nieders\u00e4chsischen Kultusministerin Frau Julia Willie Hamburg (B\u00fcndnis 90\/Die Gr\u00fcnen) und der Leiterin der Technischen Krankenkasse Landesvertretung Niedersachsen ging es mit einer Podiumsdiskussion weiter.<\/div>\n<div class=\"default-style\">An dieser nahm neben Frau Ministerin Julia Willie Hamburg auch der Berliner Lehrer und Influencer Herr Reff teil.<br \/>\nNach der Podiumsdiskussion ging es mit einer Workshop-Phase weiter. Als diese beendet war, gab es eine Mittagspause. Sodann ging es weiter mit einer Q&amp;A-Runde mit einigen bildungspolitischen Sprechern der Landtagsfraktionen. Darunter waren Anna Bauseneick (CDU), Pascal Mennen (B\u00fcndnis 90\/Die Gr\u00fcnen) und Kirsikka Lansmann (SPD).<br \/>\nUnd so neigte sich der Tag dem Ende zu.<\/div>\n<div class=\"default-style\">Wir danken dem Landessch\u00fclerrat Niedersachsen f\u00fcr die Einladung, Organisation und Durchf\u00fchrung des diesj\u00e4hrigen Aktionstages.<\/div>\n<div><\/div>\n<div style=\"text-align: right;\">(Text&amp;Fotos: Leon Strumberger)<\/div>\n<p>[\/vc_column_text][vc_gallery interval=&#8220;3&#8243; images=&#8220;9855,9856,9857&#8243; img_size=&#8220;large&#8220; css=&#8220;&#8220;][\/vc_column][\/vc_row]<\/p>\n<\/div>","protected":false},"excerpt":{"rendered":"<p>Leon und Franziska auf dem Landessch\u00fclerrat in Hannover<\/p>\n","protected":false},"author":6,"featured_media":9855,"comment_status":"closed","ping_status":"open","sticky":false,"template":"","format":"standard","meta":{"footnotes":""},"categories":[1,72],"tags":[],"class_list":["post-9851","post","type-post","status-publish","format-standard","has-post-thumbnail","hentry","category-allgemein","category-oberschule"],"_links":{"self":[{"href":"https:\/\/wordpress.ilmer-barg.de\/index.php?rest_route=\/wp\/v2\/posts\/9851","targetHints":{"allow":["GET"]}}],"collection":[{"href":"https:\/\/wordpress.ilmer-barg.de\/index.php?rest_route=\/wp\/v2\/posts"}],"about":[{"href":"https:\/\/wordpress.ilmer-barg.de\/index.php?rest_route=\/wp\/v2\/types\/post"}],"author":[{"embeddable":true,"href":"https:\/\/wordpress.ilmer-barg.de\/index.php?rest_route=\/wp\/v2\/users\/6"}],"replies":[{"embeddable":true,"href":"https:\/\/wordpress.ilmer-barg.de\/index.php?rest_route=%2Fwp%2Fv2%2Fcomments&post=9851"}],"version-history":[{"count":5,"href":"https:\/\/wordpress.ilmer-barg.de\/index.php?rest_route=\/wp\/v2\/posts\/9851\/revisions"}],"predecessor-version":[{"id":9859,"href":"https:\/\/wordpress.ilmer-barg.de\/index.php?rest_route=\/wp\/v2\/posts\/9851\/revisions\/9859"}],"wp:featuredmedia":[{"embeddable":true,"href":"https:\/\/wordpress.ilmer-barg.de\/index.php?rest_route=\/wp\/v2\/media\/9855"}],"wp:attachment":[{"href":"https:\/\/wordpress.ilmer-barg.de\/index.php?rest_route=%2Fwp%2Fv2%2Fmedia&parent=9851"}],"wp:term":[{"taxonomy":"category","embeddable":true,"href":"https:\/\/wordpress.ilmer-barg.de\/index.php?rest_route=%2Fwp%2Fv2%2Fcategories&post=9851"},{"taxonomy":"post_tag","embeddable":true,"href":"https:\/\/wordpress.ilmer-barg.de\/index.php?rest_route=%2Fwp%2Fv2%2Ftags&post=9851"}],"curies":[{"name":"wp","href":"https:\/\/api.w.org\/{rel}","templated":true}]}}