{"id":9842,"date":"2026-04-20T08:30:04","date_gmt":"2026-04-20T06:30:04","guid":{"rendered":"https:\/\/wordpress.ilmer-barg.de\/?p=9842"},"modified":"2026-04-30T08:39:10","modified_gmt":"2026-04-30T06:39:10","slug":"9842","status":"publish","type":"post","link":"https:\/\/wordpress.ilmer-barg.de\/?p=9842","title":{"rendered":"Berufe entdecken auf der Zukunftsmesse"},"content":{"rendered":"<div class=\"wpb-content-wrapper\"><p>[vc_row][vc_column][vc_column_text css=&#8220;&#8220;]<\/p>\n<p data-start=\"125\" data-end=\"440\">Einige Klassen aus den Jahrg\u00e4ngen 9 und 10 haben die Zukunftsmesse an der benachbarten Eckermann-Realschule besucht. Vor Ort pr\u00e4sentierten sich zahlreiche Unternehmen aus der Region, die zu Gespr\u00e4chen einluden und verschiedene Berufe praktisch erlebbar machten. Erg\u00e4nzt wurde das Angebot durch informative Vortr\u00e4ge.<\/p>\n<p data-start=\"442\" data-end=\"649\">Viele Sch\u00fclerinnen und Sch\u00fcler nutzten die Gelegenheit, sich \u00fcber ihre berufliche Zukunft zu informieren \u2013 und freuten sich au\u00dferdem, auf der gro\u00dfen Veranstaltung Freunde aus anderen Schulen wiederzutreffen.<\/p>\n<p data-start=\"651\" data-end=\"773\">Die Messe war trotz der r\u00e4umlichen Enge, die dem Wetter geschuldet war, insgesamt hervorragend organisiert. Ein herzliches Dankesch\u00f6n an die Eckermann-Realschule f\u00fcr die Organisation!<\/p>\n<p style=\"text-align: right;\" data-start=\"651\" data-end=\"773\">(Text &amp; Bilder: Frau Lilienthal)<\/p>\n<p>[\/vc_column_text][\/vc_column][\/vc_row][vc_row][vc_column][vc_gallery interval=&#8220;3&#8243; images=&#8220;9847,9843,9844,9845,9846&#8243; img_size=&#8220;large&#8220; css=&#8220;&#8220;][\/vc_column][\/vc_row]<\/p>\n<\/div>","protected":false},"excerpt":{"rendered":"<p>Besuch der Zukunftsmesse &#8211; Jahrgang 9\/10<\/p>\n","protected":false},"author":6,"featured_media":9846,"comment_status":"closed","ping_status":"open","sticky":false,"template":"","format":"standard","meta":{"footnotes":""},"categories":[1,72],"tags":[],"class_list":["post-9842","post","type-post","status-publish","format-standard","has-post-thumbnail","hentry","category-allgemein","category-oberschule"],"_links":{"self":[{"href":"https:\/\/wordpress.ilmer-barg.de\/index.php?rest_route=\/wp\/v2\/posts\/9842","targetHints":{"allow":["GET"]}}],"collection":[{"href":"https:\/\/wordpress.ilmer-barg.de\/index.php?rest_route=\/wp\/v2\/posts"}],"about":[{"href":"https:\/\/wordpress.ilmer-barg.de\/index.php?rest_route=\/wp\/v2\/types\/post"}],"author":[{"embeddable":true,"href":"https:\/\/wordpress.ilmer-barg.de\/index.php?rest_route=\/wp\/v2\/users\/6"}],"replies":[{"embeddable":true,"href":"https:\/\/wordpress.ilmer-barg.de\/index.php?rest_route=%2Fwp%2Fv2%2Fcomments&post=9842"}],"version-history":[{"count":3,"href":"https:\/\/wordpress.ilmer-barg.de\/index.php?rest_route=\/wp\/v2\/posts\/9842\/revisions"}],"predecessor-version":[{"id":9850,"href":"https:\/\/wordpress.ilmer-barg.de\/index.php?rest_route=\/wp\/v2\/posts\/9842\/revisions\/9850"}],"wp:featuredmedia":[{"embeddable":true,"href":"https:\/\/wordpress.ilmer-barg.de\/index.php?rest_route=\/wp\/v2\/media\/9846"}],"wp:attachment":[{"href":"https:\/\/wordpress.ilmer-barg.de\/index.php?rest_route=%2Fwp%2Fv2%2Fmedia&parent=9842"}],"wp:term":[{"taxonomy":"category","embeddable":true,"href":"https:\/\/wordpress.ilmer-barg.de\/index.php?rest_route=%2Fwp%2Fv2%2Fcategories&post=9842"},{"taxonomy":"post_tag","embeddable":true,"href":"https:\/\/wordpress.ilmer-barg.de\/index.php?rest_route=%2Fwp%2Fv2%2Ftags&post=9842"}],"curies":[{"name":"wp","href":"https:\/\/api.w.org\/{rel}","templated":true}]}}