{"id":9834,"date":"2026-04-30T08:26:01","date_gmt":"2026-04-30T06:26:01","guid":{"rendered":"https:\/\/wordpress.ilmer-barg.de\/?p=9834"},"modified":"2026-04-30T10:30:24","modified_gmt":"2026-04-30T08:30:24","slug":"mehr-chancen-10-neue-laptops","status":"publish","type":"post","link":"https:\/\/wordpress.ilmer-barg.de\/?p=9834","title":{"rendered":"Mehr Chancen: 10 neue Laptops"},"content":{"rendered":"<div class=\"wpb-content-wrapper\"><p>[vc_row][vc_column][vc_column_text css=&#8220;&#8220;]<\/p>\n<p data-path-to-node=\"4\">Gro\u00dfe Freude an unserer Schule: Wir konnten insgesamt\u00a0<b data-path-to-node=\"4\" data-index-in-node=\"54\">10 Notebooks<\/b>\u00a0der Initiative\u00a0<b data-path-to-node=\"4\" data-index-in-node=\"82\">&#8222;Hey, Alter!&#8220;<\/b>\u00a0entgegennehmen! Die Organisation bereitet gespendete Rechner wieder auf, um sie Sch\u00fclerinnen und Sch\u00fclern zur Verf\u00fcgung zu stellen, die privat keinen Zugriff auf ein eigenes Ger\u00e4t haben.<\/p>\n<p data-path-to-node=\"5\">Die ersten Laptops haben bereits ihre neuen Besitzer gefunden. Stellvertretend f\u00fcr die beschenkten Jugendlichen freuen sich\u00a0Anastasia und Kwabena riesig \u00fcber ihre neuen Begleiter f\u00fcr den Schulalltag und die Hausaufgaben.<\/p>\n<h3 data-path-to-node=\"6\">Weitere Ger\u00e4te verf\u00fcgbar \u2013 Meldet euch!<\/h3>\n<p data-path-to-node=\"7\">Wir haben noch weitere Notebooks vorr\u00e4tig. Du brauchst dringend einen eigenen Laptop f\u00fcr die Schule, hast aber aktuell keine M\u00f6glichkeit, dir einen anzuschaffen? Oder Sie kennen eine Sch\u00fclerin oder einen Sch\u00fcler, der Unterst\u00fctzung ben\u00f6tigt?<\/p>\n<p data-path-to-node=\"8\"><b data-path-to-node=\"8\" data-index-in-node=\"0\">So geht\u2019s:<\/b> Meldet euch einfach bei mir (Hr. Bohl \u00fcber Eure Klassenlehrkraft). Wir behandeln alle Anfragen nat\u00fcrlich vertraulich und schauen gemeinsam, dass die Ger\u00e4te dort ankommen, wo sie am dringendsten gebraucht werden.<\/p>\n<p data-path-to-node=\"9\">Ein herzliches Dankesch\u00f6n an das Team von &#8222;Hey, Alter!&#8220; f\u00fcr diese tolle Unterst\u00fctzung unserer Sch\u00fcler*innen!<\/p>\n<p data-path-to-node=\"9\">(Text &amp; Bilder: Herr Bohl)<\/p>\n<p>[\/vc_column_text][\/vc_column][\/vc_row][vc_row][vc_column][vc_gallery interval=&#8220;3&#8243; images=&#8220;9838,9837,9836&#8243; img_size=&#8220;large&#8220; css=&#8220;&#8220;][\/vc_column][\/vc_row]<\/p>\n<\/div>","protected":false},"excerpt":{"rendered":"<p>10 neue Laptops von der Initiative &#8222;Hey Alter!&#8220;<\/p>\n","protected":false},"author":6,"featured_media":9838,"comment_status":"closed","ping_status":"open","sticky":false,"template":"","format":"standard","meta":{"footnotes":""},"categories":[1,71,72],"tags":[],"class_list":["post-9834","post","type-post","status-publish","format-standard","has-post-thumbnail","hentry","category-allgemein","category-grundschule","category-oberschule"],"_links":{"self":[{"href":"https:\/\/wordpress.ilmer-barg.de\/index.php?rest_route=\/wp\/v2\/posts\/9834","targetHints":{"allow":["GET"]}}],"collection":[{"href":"https:\/\/wordpress.ilmer-barg.de\/index.php?rest_route=\/wp\/v2\/posts"}],"about":[{"href":"https:\/\/wordpress.ilmer-barg.de\/index.php?rest_route=\/wp\/v2\/types\/post"}],"author":[{"embeddable":true,"href":"https:\/\/wordpress.ilmer-barg.de\/index.php?rest_route=\/wp\/v2\/users\/6"}],"replies":[{"embeddable":true,"href":"https:\/\/wordpress.ilmer-barg.de\/index.php?rest_route=%2Fwp%2Fv2%2Fcomments&post=9834"}],"version-history":[{"count":5,"href":"https:\/\/wordpress.ilmer-barg.de\/index.php?rest_route=\/wp\/v2\/posts\/9834\/revisions"}],"predecessor-version":[{"id":9896,"href":"https:\/\/wordpress.ilmer-barg.de\/index.php?rest_route=\/wp\/v2\/posts\/9834\/revisions\/9896"}],"wp:featuredmedia":[{"embeddable":true,"href":"https:\/\/wordpress.ilmer-barg.de\/index.php?rest_route=\/wp\/v2\/media\/9838"}],"wp:attachment":[{"href":"https:\/\/wordpress.ilmer-barg.de\/index.php?rest_route=%2Fwp%2Fv2%2Fmedia&parent=9834"}],"wp:term":[{"taxonomy":"category","embeddable":true,"href":"https:\/\/wordpress.ilmer-barg.de\/index.php?rest_route=%2Fwp%2Fv2%2Fcategories&post=9834"},{"taxonomy":"post_tag","embeddable":true,"href":"https:\/\/wordpress.ilmer-barg.de\/index.php?rest_route=%2Fwp%2Fv2%2Ftags&post=9834"}],"curies":[{"name":"wp","href":"https:\/\/api.w.org\/{rel}","templated":true}]}}